    {"id":882,"date":"2016-04-22T08:20:10","date_gmt":"2016-04-22T06:20:10","guid":{"rendered":"http:\/\/lisa-riks.se\/?p=882"},"modified":"2016-04-22T08:20:10","modified_gmt":"2016-04-22T06:20:10","slug":"det-globala-klassrummet-om-afghanistan-och-motet-med-nyanlanda-elever","status":"publish","type":"post","link":"https:\/\/svariks.se\/?p=882","title":{"rendered":"Det globala klassrummet &#8211; om Afghanistan och m\u00f6tet med nyanl\u00e4nda elever"},"content":{"rendered":"<p><strong>Universitets- och h\u00f6gskoler\u00e5det\/Den Globala Skolan<br \/>\ni samarbete med LiSA &#8211; l\u00e4rare i svenska som andraspr\u00e5k,<br \/>\nL\u00e4rarf\u00f6rbundet och Filmcentrum.\u00a0bjuder in till en eftermiddag om uttal och spr\u00e5k i alla \u00e4mnen.<\/strong><\/p>\n<p><strong>Datum:<\/strong> Torsdag 2 juni kl 14.00-17.30<br \/>\n<strong>Plats:<\/strong> Allaktivitetshuset, Sturegatan 10 i Sundbyberg<\/p>\n<p>Har du ett klassrum d\u00e4r du m\u00f6ter elever fr\u00e5n olika delar<br \/>\nav v\u00e4rlden? Det h\u00e4r seminariet ger dig st\u00f6rre f\u00f6rst\u00e5else<br \/>\nf\u00f6r dem som \u00e4r nyanl\u00e4nda och s\u00e4rskilt f\u00f6r dem<br \/>\nsom kommer fr\u00e5n Afghanistan.<\/p>\n<p>Under en sen eftermiddag erbjuder vi dig f\u00f6ljande programpunkter:<\/p>\n<p><em>D\u00e4r mitt hj\u00e4rta sl\u00e5r<\/em><br \/>\nFilmcentrum och dokument\u00e4rfilmaren och journalisten<br \/>\nKhazar Fatemi.<\/p>\n<p><em>Kampen f\u00f6r utbildning i Afghanistan<\/em><br \/>\nAnn-Karin Johansson, generalsekreterare p\u00e5 Svenska<br \/>\nAfghanistankommitt\u00e9n ber\u00e4ttar.<\/p>\n<p><em>Pedagogisk verksamhet med nyanl\u00e4nda elever<\/em><br \/>\nEn inblick tillsammans med Alexandra Ljungkvist<br \/>\nSj\u00f6lin, l\u00e4rare i svenska som andraspr\u00e5k p\u00e5 Sprintgymnasiet<br \/>\ni Stockholm.<\/p>\n<h2><\/h2>\n<h2>Anm\u00e4lan<\/h2>\n<p>Anm\u00e4l dig via webbplatsen <a href=\"http:\/\/www.denglobalaskolan.se\">www.denglobalaskolan.se<\/a><br \/>\nSeminariet \u00e4r kostnadsfritt. Vi bjuder p\u00e5 sm\u00f6rg\u00e5s och<br \/>\nkaffe eller te.<\/p>\n<h2>Ladda ner inbjudan som pdf:<\/h2>\n<p><a href=\"http:\/\/media.svariks.se\/2016\/04\/inbjudan-2-juni-sundyberg-2.pdf\">Inbjudan 2 juni Sundyberg<\/a><\/p>\n","protected":false},"excerpt":{"rendered":"<p>Universitets- och h\u00f6gskoler\u00e5det\/Den Globala Skolan i samarbete med LiSA &#8211; l\u00e4rare i svenska som andraspr\u00e5k, L\u00e4rarf\u00f6rbundet och Filmcentrum.\u00a0bjuder in till en eftermiddag om uttal och spr\u00e5k i alla \u00e4mnen. Datum: Torsdag 2 juni kl 14.00-17.30 Plats: Allaktivitetshuset, Sturegatan 10 i Sundbyberg Har du ett klassrum d\u00e4r du m\u00f6ter elever fr\u00e5n olika delar av v\u00e4rlden? Det [&hellip;]<\/p>\n","protected":false},"author":3,"featured_media":0,"comment_status":"open","ping_status":"open","sticky":false,"template":"","format":"standard","meta":{"jetpack_post_was_ever_published":false,"_jetpack_newsletter_access":"","_jetpack_dont_email_post_to_subs":false,"_jetpack_newsletter_tier_id":0,"_jetpack_memberships_contains_paywalled_content":false,"_jetpack_memberships_contains_paid_content":false,"footnotes":"","jetpack_publicize_message":"","jetpack_publicize_feature_enabled":true,"jetpack_social_post_already_shared":false,"jetpack_social_options":{"image_generator_settings":{"template":"highway","default_image_id":0,"font":"","enabled":false},"version":2}},"categories":[10,1],"tags":[],"class_list":["post-882","post","type-post","status-publish","format-standard","hentry","category-stockholm","category-uncategorized"],"jetpack_publicize_connections":[],"jetpack_featured_media_url":"","jetpack_sharing_enabled":true,"jetpack_shortlink":"https:\/\/wp.me\/pap6AT-ee","jetpack-related-posts":[{"id":966,"url":"https:\/\/svariks.se\/?p=966","url_meta":{"origin":882,"position":0},"title":"Nyanl\u00e4nda elevers l\u00e4rande","author":"karinpetter","date":"september 23, 2016","format":false,"excerpt":"V\u00e4lkomna till en eftermiddag med fokus kring nyanl\u00e4nda elever och svenska som andraspr\u00e5k. Speciellt inbjudna: Riksf\u00f6rbundet L\u00e4rare i svenska som andraspr\u00e5k Lyssna p\u00e5 Tiia Ojjala, l\u00e4rare, f\u00f6rfattare och f\u00f6rel\u00e4sare med l\u00e5ng erfarenhet av att arbeta med nyanl\u00e4nda. F\u00e5 tips och smakprov p\u00e5 nya l\u00e4romedel, speciellt framtagna f\u00f6r nyanl\u00e4nda elever och\u2026","rel":"","context":"Liknande inl\u00e4gg","block_context":{"text":"Liknande inl\u00e4gg","link":""},"img":{"alt_text":"","src":"","width":0,"height":0},"classes":[]},{"id":982,"url":"https:\/\/svariks.se\/?p=982","url_meta":{"origin":882,"position":1},"title":"14\/11 Eldsj\u00e4lar och inspirat\u00f6rer \u2013 f\u00f6r en trygg och meningsfull skolg\u00e5ng","author":"Patricia Lendenius","date":"oktober 27, 2016","format":false,"excerpt":"Beskrivning: Universitets - och h\u00f6gskoler\u00e5dets verksamhet Den Globala Skolan och Stockholms LiSA bjuder in till en eftermiddag f\u00f6r att belysa hur vi kan ge nyanl\u00e4nda elever en trygg och meningsfull skolg\u00e5ng. Du f\u00e5r m\u00f6ta eldsj\u00e4lar och inspirat\u00f6rer som delar med sig av erfarenheter och konkreta tips. Program Utmaningar och m\u00f6jligheter\u2026","rel":"","context":"Liknande inl\u00e4gg","block_context":{"text":"Liknande inl\u00e4gg","link":""},"img":{"alt_text":"","src":"","width":0,"height":0},"classes":[]},{"id":1220,"url":"https:\/\/svariks.se\/?p=1220","url_meta":{"origin":882,"position":2},"title":"\u00c5rets f\u00f6rsta Lisetten","author":"karinpetter","date":"mars 8, 2018","format":false,"excerpt":"Nu har \u00e5rets f\u00f6rsta Lisetten kommit. Det har temat\u00a0L\u00e4sning och spr\u00e5kutveckling. Du kan bl.a. l\u00e4sa om det h\u00e4r i tidningen: - Hej L\u00e4sambassad\u00f6ren Johan Anderblad! - Skolbiblioteken och eleverna med svenska som andraspr\u00e5k - Sk\u00f6nlitteratur med helt nyanl\u00e4nda elever \u2013 g\u00e5r det? - L\u00e4sf\u00f6rst\u00e5else f\u00f6r nyanl\u00e4nda elever - L\u00e4sningen l\u00e4r\u2026","rel":"","context":"I \u201dLisetten\u201d","block_context":{"text":"Lisetten","link":"https:\/\/svariks.se\/?cat=6"},"img":{"alt_text":"","src":"https:\/\/i0.wp.com\/media.svariks.se\/2018\/03\/lisetten1-18.jpg?resize=350%2C200","width":350,"height":200},"classes":[]},{"id":638,"url":"https:\/\/svariks.se\/?p=638","url_meta":{"origin":882,"position":3},"title":"Nyanl\u00e4nda hett \u00e4mne i Almedalen","author":"Annelie","date":"juni 30, 2015","format":false,"excerpt":"F\u00f6r n\u00e5gra veckor sedan fick jag f\u00f6rfr\u00e5gan om att medverka p\u00e5 ett seminarium om \"B\u00e4ttre mottagande f\u00f6r nyanl\u00e4nda elever\" under Almedalsveckan i Visby. En s\u00e5dan chans f\u00e5r man kanske bara en g\u00e5ng i livet, s\u00e5 sj\u00e4lvklart tackade jag ja. Med stora f\u00f6rv\u00e4ntningar satte jag mig p\u00e5 planet i som tog\u2026","rel":"","context":"I \u201dAktuellt\u201d","block_context":{"text":"Aktuellt","link":"https:\/\/svariks.se\/?cat=2"},"img":{"alt_text":"11665511_984897484877427_527254175511336393_n","src":"https:\/\/i0.wp.com\/media.svariks.se\/2015\/06\/11665511_984897484877427_527254175511336393_n.jpg?resize=350%2C200","width":350,"height":200},"classes":[]},{"id":4562,"url":"https:\/\/svariks.se\/?p=4562","url_meta":{"origin":882,"position":4},"title":"V\u00e5ra tv\u00e5 svensk\u00e4mnen &#8211; har vi n\u00e5tt v\u00e4gs \u00e4nde?","author":"Svariks","date":"mars 30, 2020","format":false,"excerpt":"Hur fungerar grundskolans uppdelning i svenska och svenska som andraspr\u00e5k? D\u00e5ligt, menar Anna Kaya, som i senaste Lisetten utreder hur dagens \u00e4mneskonstruktioner leder till en rad likv\u00e4rdighetsproblem, och d\u00e4rf\u00f6r efterlyser en statlig utredning av svensk\u00e4mnena. Artikel publicerad i Lisetten nr 1 2020. Text: Anna Kaya Den senaste tiden har jag\u2026","rel":"","context":"Liknande inl\u00e4gg","block_context":{"text":"Liknande inl\u00e4gg","link":""},"img":{"alt_text":"","src":"https:\/\/i0.wp.com\/media.svariks.se\/2020\/03\/Kaya_Anna_305x305.jpg?resize=350%2C200","width":350,"height":200},"classes":[]},{"id":808,"url":"https:\/\/svariks.se\/?p=808","url_meta":{"origin":882,"position":5},"title":"V\u00e4lkommen till en tr\u00e4ff om spr\u00e5k!","author":"Annelie","date":"januari 28, 2016","format":false,"excerpt":"Stockholms lokalf\u00f6rening bjuder in till en eftermiddag om uttal och spr\u00e5k i alla \u00e4mnen. Datum: 25 februari, kl 15.30-18.30 Plats: Globala gymnasiet, Stockholm Eftermiddagens inneh\u00e5ll \u00e4r mer aktuellt \u00e4n n\u00e5gonsin och st\u00e4ndigt n\u00e4rvarande i l\u00e4rares yrkesvardag. M\u00e5nga \u00e4r de l\u00e4rare som nu tr\u00e4ffar de barn och vuxna som just kommit\u2026","rel":"","context":"Liknande inl\u00e4gg","block_context":{"text":"Liknande inl\u00e4gg","link":""},"img":{"alt_text":"","src":"","width":0,"height":0},"classes":[]}],"jetpack_likes_enabled":true,"_links":{"self":[{"href":"https:\/\/svariks.se\/index.php?rest_route=\/wp\/v2\/posts\/882","targetHints":{"allow":["GET"]}}],"collection":[{"href":"https:\/\/svariks.se\/index.php?rest_route=\/wp\/v2\/posts"}],"about":[{"href":"https:\/\/svariks.se\/index.php?rest_route=\/wp\/v2\/types\/post"}],"author":[{"embeddable":true,"href":"https:\/\/svariks.se\/index.php?rest_route=\/wp\/v2\/users\/3"}],"replies":[{"embeddable":true,"href":"https:\/\/svariks.se\/index.php?rest_route=%2Fwp%2Fv2%2Fcomments&post=882"}],"version-history":[{"count":0,"href":"https:\/\/svariks.se\/index.php?rest_route=\/wp\/v2\/posts\/882\/revisions"}],"wp:attachment":[{"href":"https:\/\/svariks.se\/index.php?rest_route=%2Fwp%2Fv2%2Fmedia&parent=882"}],"wp:term":[{"taxonomy":"category","embeddable":true,"href":"https:\/\/svariks.se\/index.php?rest_route=%2Fwp%2Fv2%2Fcategories&post=882"},{"taxonomy":"post_tag","embeddable":true,"href":"https:\/\/svariks.se\/index.php?rest_route=%2Fwp%2Fv2%2Ftags&post=882"}],"curies":[{"name":"wp","href":"https:\/\/api.w.org\/{rel}","templated":true}]}}