    {"id":728,"date":"2015-11-22T23:36:36","date_gmt":"2015-11-22T22:36:36","guid":{"rendered":"http:\/\/lisa-riks.se\/?p=728"},"modified":"2015-11-22T23:36:36","modified_gmt":"2015-11-22T22:36:36","slug":"728-2","status":"publish","type":"post","link":"https:\/\/svariks.se\/?p=728","title":{"rendered":"Stockholms LiSA v\u00e4lkomnar dig till en f\u00f6rfattartr\u00e4ff med Sara L\u00f6vestam, SFI-l\u00e4rare och f\u00f6rfattare"},"content":{"rendered":"<p><img data-recalc-dims=\"1\" loading=\"lazy\" decoding=\"async\" data-attachment-id=\"734\" data-permalink=\"https:\/\/svariks.se\/?attachment_id=734\" data-orig-file=\"https:\/\/i0.wp.com\/media.svariks.se\/2015\/11\/sara.jpg?fit=1388%2C776&amp;ssl=1\" data-orig-size=\"1388,776\" data-comments-opened=\"1\" data-image-meta=\"{&quot;aperture&quot;:&quot;0&quot;,&quot;credit&quot;:&quot;&quot;,&quot;camera&quot;:&quot;&quot;,&quot;caption&quot;:&quot;&quot;,&quot;created_timestamp&quot;:&quot;0&quot;,&quot;copyright&quot;:&quot;&quot;,&quot;focal_length&quot;:&quot;0&quot;,&quot;iso&quot;:&quot;0&quot;,&quot;shutter_speed&quot;:&quot;0&quot;,&quot;title&quot;:&quot;&quot;,&quot;orientation&quot;:&quot;0&quot;}\" data-image-title=\"Sara\" data-image-description=\"\" data-image-caption=\"\" data-large-file=\"https:\/\/i0.wp.com\/media.svariks.se\/2015\/11\/sara.jpg?fit=1024%2C572&amp;ssl=1\" class=\"alignnone size-full wp-image-734\" src=\"https:\/\/i0.wp.com\/media.svariks.se\/2015\/11\/sara.jpg?resize=1388%2C776\" alt=\"Sara\" width=\"1388\" height=\"776\" srcset=\"https:\/\/i0.wp.com\/media.svariks.se\/2015\/11\/sara.jpg?w=1388&amp;ssl=1 1388w, https:\/\/i0.wp.com\/media.svariks.se\/2015\/11\/sara.jpg?resize=300%2C168&amp;ssl=1 300w, https:\/\/i0.wp.com\/media.svariks.se\/2015\/11\/sara.jpg?resize=768%2C429&amp;ssl=1 768w, https:\/\/i0.wp.com\/media.svariks.se\/2015\/11\/sara.jpg?resize=1024%2C572&amp;ssl=1 1024w\" sizes=\"auto, (max-width: 1000px) 100vw, 1000px\" \/><\/p>\n<p>I \u00e5r har hon sl\u00e4ppt deckaren Sanning med Modifikation, f\u00f6rsta delen i en planerad serie som handlar om den pappersl\u00f6sa detektiven Kouplan samt en l\u00e4ttl\u00e4st version av samma bok med titeln Flicka f\u00f6rsvunnen.<br \/>\nNyligen har \u00e4ven den andra delen med detektiv Kouplan sl\u00e4ppts \u00d6nska kostar ingenting och \u00e4ven den kommer att komma som l\u00e4ttl\u00e4st i v\u00e5r. L\u00f6vestam \u00e4r ocks\u00e5 f\u00f6rfattare till omtalade Grejen med verb-grammatik som du aldrig har sett den f\u00f6rut.<\/p>\n<p>Sara kommer att prata om spr\u00e5kutveckling och digital kompetens, svenskans egenheter och spr\u00e5kundervisning samt sina erfarenheter fr\u00e5n SFI-l\u00e4raryrket. Hon ber\u00e4ttar \u00e4ven om arbetet med sin l\u00e4ttl\u00e4sta roman Flicka f\u00f6rsvunnen. Hur gick det att skriva en och samma bok i tv\u00e5 versioner?<br \/>\nVi avslutar samtalet med fr\u00e5gor fr\u00e5n publiken.<\/p>\n<p><strong>N\u00e4r:<\/strong> Torsdag 3 december, kl 18.<br \/>\n<strong>Var:<\/strong> V\u00e5rby bibliotek, V\u00e5rby alle 26, 143 40 V\u00e5rby<br \/>\nBiblioteket ligger i Huddinge kommun. Ta T-bana r\u00f6d linje mot Norsborg och kliv av i V\u00e5rby g\u00e5rd.<br \/>\nFr\u00e5n Huddinge g\u00e5r m\u00e5nga bussar.<br \/>\nBiblioteket ligger mitt p\u00e5 torget och byggnaden har en stor upplyst skylt.<br \/>\n<strong>Anm\u00e4lan till:<\/strong> lena.gronlund@huddinge.se<\/p>\n","protected":false},"excerpt":{"rendered":"<p>I \u00e5r har hon sl\u00e4ppt deckaren Sanning med Modifikation, f\u00f6rsta delen i en planerad serie som handlar om den pappersl\u00f6sa detektiven Kouplan samt en l\u00e4ttl\u00e4st version av samma bok med titeln Flicka f\u00f6rsvunnen. Nyligen har \u00e4ven den andra delen med detektiv Kouplan sl\u00e4ppts \u00d6nska kostar ingenting och \u00e4ven den kommer att komma som l\u00e4ttl\u00e4st i [&hellip;]<\/p>\n","protected":false},"author":5,"featured_media":0,"comment_status":"open","ping_status":"open","sticky":false,"template":"","format":"standard","meta":{"jetpack_post_was_ever_published":false,"_jetpack_newsletter_access":"","_jetpack_dont_email_post_to_subs":false,"_jetpack_newsletter_tier_id":0,"_jetpack_memberships_contains_paywalled_content":false,"_jetpack_memberships_contains_paid_content":false,"footnotes":"","jetpack_publicize_message":"","jetpack_publicize_feature_enabled":true,"jetpack_social_post_already_shared":false,"jetpack_social_options":{"image_generator_settings":{"template":"highway","default_image_id":0,"font":"","enabled":false},"version":2}},"categories":[1],"tags":[],"class_list":["post-728","post","type-post","status-publish","format-standard","hentry","category-uncategorized"],"jetpack_publicize_connections":[],"jetpack_featured_media_url":"","jetpack_sharing_enabled":true,"jetpack_shortlink":"https:\/\/wp.me\/pap6AT-bK","jetpack-related-posts":[{"id":1448,"url":"https:\/\/svariks.se\/?p=1448","url_meta":{"origin":728,"position":0},"title":"I min bokhylla","author":"Svariks","date":"januari 27, 2019","format":false,"excerpt":"Jag heter Emran och \u00e4r 21 \u00e5r fr\u00e5n Iran. Jag gick bara fyra \u00e5r i skolan d\u00e4r innan jag b\u00f6rjade jobba. 2014 kom jag till Sverige och b\u00f6rjade studera p\u00e5 Tensta och Blackebergs gymnasium. I framtiden vill jag bli bagare. Nu g\u00e5r jag p\u00e5 en folkh\u00f6gskola och har en blogg\u2026","rel":"","context":"I \u201dIminbokhylla\u201d","block_context":{"text":"Iminbokhylla","link":"https:\/\/svariks.se\/?tag=iminbokhylla"},"img":{"alt_text":"","src":"https:\/\/i0.wp.com\/media.svariks.se\/2019\/01\/origami-936729_1920.jpg?resize=350%2C200&ssl=1","width":350,"height":200,"srcset":"https:\/\/i0.wp.com\/media.svariks.se\/2019\/01\/origami-936729_1920.jpg?resize=350%2C200&ssl=1 1x, https:\/\/i0.wp.com\/media.svariks.se\/2019\/01\/origami-936729_1920.jpg?resize=525%2C300&ssl=1 1.5x, https:\/\/i0.wp.com\/media.svariks.se\/2019\/01\/origami-936729_1920.jpg?resize=700%2C400&ssl=1 2x, https:\/\/i0.wp.com\/media.svariks.se\/2019\/01\/origami-936729_1920.jpg?resize=1050%2C600&ssl=1 3x, https:\/\/i0.wp.com\/media.svariks.se\/2019\/01\/origami-936729_1920.jpg?resize=1400%2C800&ssl=1 4x"},"classes":[]},{"id":1316,"url":"https:\/\/svariks.se\/?p=1316","url_meta":{"origin":728,"position":1},"title":"Vi bjuder p\u00e5 en artikel fr\u00e5n Lisetten","author":"Svariks","date":"november 7, 2018","format":false,"excerpt":"Vi bjuder p\u00e5 en artikel fr\u00e5n senaste numret av Lisetten - s.k. Symposienumret. Artikeln heter Obetalbart intressant och tragikomiskt - en recension av boken Svenska f\u00f6r fr\u00e4mlingar skriven av Karin Ulveson. Recensenten \u00e4r Camilla Wallin Nilsson. Obetalbart intressant och tragikomiskt \u2013 en p\u00e4rla! I \u201dSvenska f\u00f6r fr\u00e4mlingar\u201d f\u00e5r vi titta\u2026","rel":"","context":"I \u201dAktuellt\u201d","block_context":{"text":"Aktuellt","link":"https:\/\/svariks.se\/?cat=2"},"img":{"alt_text":"","src":"https:\/\/i0.wp.com\/media.svariks.se\/2018\/11\/5ac4e8b502769-209x300.jpeg?resize=350%2C200","width":350,"height":200},"classes":[]},{"id":1441,"url":"https:\/\/svariks.se\/?p=1441","url_meta":{"origin":728,"position":2},"title":"Vi bjuder p\u00e5 en artikel fr\u00e5n Lisetten 2018:4","author":"Svariks","date":"januari 19, 2019","format":false,"excerpt":"Sfi, och Arbetsf\u00f6rmedlingen meningen med livet \u2013 En biografisk arbetsmodell f\u00f6r sfi Vad kan l\u00e4raren och skolan g\u00f6ra f\u00f6r att sfi-eleverna ska k\u00e4nna att kurserna har en koppling till deras egna liv? I en tid n\u00e4r alla vill ha ett finger med i planeringen av elevens integration \u00e4r det mer\u2026","rel":"","context":"Liknande inl\u00e4gg","block_context":{"text":"Liknande inl\u00e4gg","link":""},"img":{"alt_text":"","src":"https:\/\/i0.wp.com\/media.svariks.se\/2019\/01\/Screen-Shot-2019-01-19-at-22.34.06.png?resize=350%2C200&ssl=1","width":350,"height":200,"srcset":"https:\/\/i0.wp.com\/media.svariks.se\/2019\/01\/Screen-Shot-2019-01-19-at-22.34.06.png?resize=350%2C200&ssl=1 1x, https:\/\/i0.wp.com\/media.svariks.se\/2019\/01\/Screen-Shot-2019-01-19-at-22.34.06.png?resize=525%2C300&ssl=1 1.5x"},"classes":[]},{"id":428,"url":"https:\/\/svariks.se\/?p=428","url_meta":{"origin":728,"position":3},"title":"St\u00e4ll dina fr\u00e5gor om nationella prov!","author":"Sara M\u00f6rtsell","date":"september 24, 2014","format":false,"excerpt":"Vi vet att m\u00e5nga av v\u00e5ra medlemmar har funderingar kring de nationella proven i svenska som andraspr\u00e5k samt slutproven f\u00f6r sfi. D\u00e4rf\u00f6r har vi bjudit in konstrukt\u00f6rerna att svara p\u00e5 era fr\u00e5gor i Lisetten. I nummer 4\/2014 kommer gruppen f\u00f6r nationella prov i svenska och svenska som andraspr\u00e5k vid Uppsala\u2026","rel":"","context":"Liknande inl\u00e4gg","block_context":{"text":"Liknande inl\u00e4gg","link":""},"img":{"alt_text":"","src":"https:\/\/i0.wp.com\/media.svariks.se\/2014\/09\/a-kid-drawing-or-writing.jpg?resize=350%2C200","width":350,"height":200,"srcset":"https:\/\/i0.wp.com\/media.svariks.se\/2014\/09\/a-kid-drawing-or-writing.jpg?resize=350%2C200 1x, https:\/\/i0.wp.com\/media.svariks.se\/2014\/09\/a-kid-drawing-or-writing.jpg?resize=525%2C300 1.5x"},"classes":[]},{"id":580,"url":"https:\/\/svariks.se\/?p=580","url_meta":{"origin":728,"position":4},"title":"H\u00e4lsningar fr\u00e5n Stockholms LiSA","author":"Patricia Lendenius","date":"maj 6, 2015","format":false,"excerpt":"\u00a0 Du som l\u00e4ser denna text har antagligen redan gjort ett val och \u00e4r medlem i Riksf\u00f6rbundet L\u00e4rare i svenska som andraspr\u00e5k. Du som \u00e4r verksam i Stockholms omr\u00e5de\u00a0\u00e4r viktig f\u00f6r oss och vi vill g\u00e4rna bidra till att du ska k\u00e4nna dig uppdaterad och inspirerad b\u00e5de genom v\u00e5r tidning\u2026","rel":"","context":"I \u201dStockholm\u201d","block_context":{"text":"Stockholm","link":"https:\/\/svariks.se\/?cat=10"},"img":{"alt_text":"Lisa","src":"https:\/\/i0.wp.com\/media.svariks.se\/2015\/04\/lisa-e1429365797830.png?resize=350%2C200","width":350,"height":200},"classes":[]},{"id":5601,"url":"https:\/\/svariks.se\/?p=5601","url_meta":{"origin":728,"position":5},"title":"En pedagogisk resa motlikv\u00e4rdig utbildning","author":"Svariks","date":"januari 6, 2023","format":false,"excerpt":"Hur kan man skapa likv\u00e4rdighet i undervisningen? Kan man det? \u00c4r det ett lotteri f\u00f6r eleverna beroende p\u00e5 vilken l\u00e4rare de f\u00e5r? Finns det s\u00e4tt att komma runt detta? Det h\u00e4r \u00e4r fr\u00e5gor som vip\u00e5 SFI i Norrk\u00f6ping har funderat mycket p\u00e5. Under drygt ett \u00e5r har vi d\u00e4rf\u00f6r haft\u2026","rel":"","context":"Liknande inl\u00e4gg","block_context":{"text":"Liknande inl\u00e4gg","link":""},"img":{"alt_text":"","src":"https:\/\/i0.wp.com\/media.svariks.se\/2024\/02\/lisetten1_23_4.png?resize=350%2C200&ssl=1","width":350,"height":200,"srcset":"https:\/\/i0.wp.com\/media.svariks.se\/2024\/02\/lisetten1_23_4.png?resize=350%2C200&ssl=1 1x, https:\/\/i0.wp.com\/media.svariks.se\/2024\/02\/lisetten1_23_4.png?resize=525%2C300&ssl=1 1.5x"},"classes":[]}],"jetpack_likes_enabled":true,"_links":{"self":[{"href":"https:\/\/svariks.se\/index.php?rest_route=\/wp\/v2\/posts\/728","targetHints":{"allow":["GET"]}}],"collection":[{"href":"https:\/\/svariks.se\/index.php?rest_route=\/wp\/v2\/posts"}],"about":[{"href":"https:\/\/svariks.se\/index.php?rest_route=\/wp\/v2\/types\/post"}],"author":[{"embeddable":true,"href":"https:\/\/svariks.se\/index.php?rest_route=\/wp\/v2\/users\/5"}],"replies":[{"embeddable":true,"href":"https:\/\/svariks.se\/index.php?rest_route=%2Fwp%2Fv2%2Fcomments&post=728"}],"version-history":[{"count":0,"href":"https:\/\/svariks.se\/index.php?rest_route=\/wp\/v2\/posts\/728\/revisions"}],"wp:attachment":[{"href":"https:\/\/svariks.se\/index.php?rest_route=%2Fwp%2Fv2%2Fmedia&parent=728"}],"wp:term":[{"taxonomy":"category","embeddable":true,"href":"https:\/\/svariks.se\/index.php?rest_route=%2Fwp%2Fv2%2Fcategories&post=728"},{"taxonomy":"post_tag","embeddable":true,"href":"https:\/\/svariks.se\/index.php?rest_route=%2Fwp%2Fv2%2Ftags&post=728"}],"curies":[{"name":"wp","href":"https:\/\/api.w.org\/{rel}","templated":true}]}}