    {"id":629,"date":"2015-06-11T08:39:51","date_gmt":"2015-06-11T06:39:51","guid":{"rendered":"http:\/\/lisa-riks.se\/?p=629"},"modified":"2015-06-11T08:39:51","modified_gmt":"2015-06-11T06:39:51","slug":"arets-stortsta-svapub-den-7-oktober","status":"publish","type":"post","link":"https:\/\/svariks.se\/?p=629","title":{"rendered":"\u00c5rets st\u00f6rtsta #svapub den 7 oktober"},"content":{"rendered":"<p><a href=\"https:\/\/lisariks.files.wordpress.com\/2015\/06\/svapub-jpg.png\"><img data-recalc-dims=\"1\" loading=\"lazy\" decoding=\"async\" data-attachment-id=\"624\" data-permalink=\"https:\/\/svariks.se\/?attachment_id=624\" data-orig-file=\"https:\/\/i0.wp.com\/media.svariks.se\/2015\/06\/svapub-jpg-e1433962306315.png?fit=3299%2C1204&amp;ssl=1\" data-orig-size=\"3299,1204\" data-comments-opened=\"1\" data-image-meta=\"{&quot;aperture&quot;:&quot;0&quot;,&quot;credit&quot;:&quot;&quot;,&quot;camera&quot;:&quot;&quot;,&quot;caption&quot;:&quot;&quot;,&quot;created_timestamp&quot;:&quot;0&quot;,&quot;copyright&quot;:&quot;&quot;,&quot;focal_length&quot;:&quot;0&quot;,&quot;iso&quot;:&quot;0&quot;,&quot;shutter_speed&quot;:&quot;0&quot;,&quot;title&quot;:&quot;&quot;,&quot;orientation&quot;:&quot;0&quot;}\" data-image-title=\"svapub\" data-image-description=\"\" data-image-caption=\"\" data-large-file=\"https:\/\/i0.wp.com\/media.svariks.se\/2015\/06\/svapub-jpg-e1433962306315.png?fit=1024%2C374&amp;ssl=1\" class=\"alignnone wp-image-624 size-full\" src=\"https:\/\/i0.wp.com\/media.svariks.se\/2015\/06\/svapub-jpg-e1433962306315.png?resize=3299%2C1204\" alt=\"svapub\" width=\"3299\" height=\"1204\" srcset=\"https:\/\/i0.wp.com\/media.svariks.se\/2015\/06\/svapub-jpg-e1433962306315.png?w=3299&amp;ssl=1 3299w, https:\/\/i0.wp.com\/media.svariks.se\/2015\/06\/svapub-jpg-e1433962306315.png?resize=300%2C109&amp;ssl=1 300w, https:\/\/i0.wp.com\/media.svariks.se\/2015\/06\/svapub-jpg-e1433962306315.png?resize=768%2C280&amp;ssl=1 768w, https:\/\/i0.wp.com\/media.svariks.se\/2015\/06\/svapub-jpg-e1433962306315.png?resize=1024%2C374&amp;ssl=1 1024w, https:\/\/i0.wp.com\/media.svariks.se\/2015\/06\/svapub-jpg-e1433962306315.png?w=2000 2000w, https:\/\/i0.wp.com\/media.svariks.se\/2015\/06\/svapub-jpg-e1433962306315.png?w=3000 3000w\" sizes=\"auto, (max-width: 1000px) 100vw, 1000px\" \/><\/a><\/p>\n<p>Denna h\u00f6st \u00e4r det \u00e4ntligen dags igen f\u00f6r den nationella konferenen <a href=\"http:\/\/www.andrasprak.su.se\/konferenser-och-symposier\/symposium-2015\" target=\"_blank\">Symposium f\u00f6r l\u00e4rare i svenska som andraspr\u00e5k<\/a>, som Nationellt Centrum f\u00f6r svenska som andraspr\u00e5k arrangerar vart tredje \u00e5r. Konferensen \u00e4r redan fullbokad. Vi har d\u00e4rf\u00f6r gl\u00e4djen att bjuda in\u00a0alla som kommer att delta och \u00e4ven\u00a0alla som har m\u00f6jlighet att vara i Stockholm den 7 oktober, men som inte f\u00e5tt plats p\u00e5 konferensen, till \u00e5rets st\u00f6rsta #svapub arrangerat av Riksf\u00f6rbundet L\u00e4rare i svenska som andraspr\u00e5k.<\/p>\n<p>Eventet \u00e4r en s\u00e5 kallad pedagogisk pub som b\u00e4st kan beskrivas som\u00a0en informell pedagogisk tr\u00e4ff \u00f6ppen f\u00f6r alla som intresserar sig f\u00f6r att diskutera pedagogik och i det h\u00e4r fallet \u00e4r sva\u00e4mnet temat som samlar oss. Ta chansen och n\u00e4tverka med andra pedagoger och skolledare i avslappnad milj\u00f6, oavsett om du dagen efter kommer att delta\u00a0i konferensen eller ej.<\/p>\n<h2>Save the date!<\/h2>\n<ul>\n<li>Plats: <a href=\"http:\/\/copperfields.se\/\" target=\"_blank\">Copperfields, English Pub and Restaurant.<\/a> S:t Eriksgatan 36, Stockholm<\/li>\n<li>Tid: onsdag\u00a07 oktober fr\u00e5n kl. 18:00<\/li>\n<\/ul>\n<p>Mer info kommer l\u00f6pande, <a href=\"https:\/\/www.facebook.com\/events\/1081689201860990\/\">f\u00f6lj och anm\u00e4l ditt intresse via svapubens\u00a0facebooksida<\/a>!<\/p>\n","protected":false},"excerpt":{"rendered":"<p>Denna h\u00f6st \u00e4r det \u00e4ntligen dags igen f\u00f6r den nationella konferenen Symposium f\u00f6r l\u00e4rare i svenska som andraspr\u00e5k, som Nationellt Centrum f\u00f6r svenska som andraspr\u00e5k arrangerar vart tredje \u00e5r. Konferensen \u00e4r redan fullbokad. Vi har d\u00e4rf\u00f6r gl\u00e4djen att bjuda in\u00a0alla som kommer att delta och \u00e4ven\u00a0alla som har m\u00f6jlighet att vara i Stockholm den 7 [&hellip;]<\/p>\n","protected":false},"author":4,"featured_media":0,"comment_status":"open","ping_status":"open","sticky":false,"template":"","format":"standard","meta":{"jetpack_post_was_ever_published":false,"_jetpack_newsletter_access":"","_jetpack_dont_email_post_to_subs":false,"_jetpack_newsletter_tier_id":0,"_jetpack_memberships_contains_paywalled_content":false,"_jetpack_memberships_contains_paid_content":false,"footnotes":"","jetpack_publicize_message":"","jetpack_publicize_feature_enabled":true,"jetpack_social_post_already_shared":false,"jetpack_social_options":{"image_generator_settings":{"template":"highway","default_image_id":0,"font":"","enabled":false},"version":2}},"categories":[11,14],"tags":[24,26],"class_list":["post-629","post","type-post","status-publish","format-standard","hentry","category-sva-larare","category-symposium-2015","tag-svapub","tag-symposium2015"],"jetpack_publicize_connections":[],"jetpack_featured_media_url":"","jetpack_sharing_enabled":true,"jetpack_shortlink":"https:\/\/wp.me\/pap6AT-a9","jetpack-related-posts":[{"id":674,"url":"https:\/\/svariks.se\/?p=674","url_meta":{"origin":629,"position":0},"title":"Nya Lisetten \u00e4r h\u00e4r!","author":"Annelie","date":"oktober 1, 2015","format":false,"excerpt":"I dagarna kommer det nya numret av Lisetten hem till alla medlemmar. Den h\u00e4r g\u00e5ngen \u00e4r tidningen gjort i samverkan med Nationellt centrum f\u00f6r svenska som andraspr\u00e5k (NC) vid Stockholms universitet, inf\u00f6r den stora andraspr\u00e5kskonferensen Symposium 2015. Temat f\u00f6r \u00e5rets konferens \u00e4r resurser. I en artikel beskriver Aina Bigestans att\u2026","rel":"","context":"I \u201dAktuellt\u201d","block_context":{"text":"Aktuellt","link":"https:\/\/svariks.se\/?cat=2"},"img":{"alt_text":"Lisetten 3:15","src":"https:\/\/lisariks.files.wordpress.com\/2014\/01\/lisetten-315.png?w=350&h=200&crop=1","width":350,"height":200},"classes":[]},{"id":337,"url":"https:\/\/svariks.se\/?p=337","url_meta":{"origin":629,"position":1},"title":"Sva-l\u00e4rare f\u00f6rel\u00e4ser p\u00e5 SETT","author":"Annelie","date":"maj 6, 2014","format":false,"excerpt":"I morgon \u00f6ppnar SETT-m\u00e4ssan p\u00e5 Kistam\u00e4ssan i Stockholm. Under tv\u00e5 dagar samlas l\u00e4rare och skolledare fr\u00e5n hela landet f\u00f6r att l\u00e4ra av och knyta kontakter med varandra. Fokus \u00e4r p\u00e5 digitala verktyg i undervisningen - hur man kan anv\u00e4nda surfplattor, datorer och olika hj\u00e4lpmedel i alla \u00e4mnen. Vi har kikat\u2026","rel":"","context":"I \u201dAktuellt\u201d","block_context":{"text":"Aktuellt","link":"https:\/\/svariks.se\/?cat=2"},"img":{"alt_text":"sett","src":"https:\/\/i0.wp.com\/media.svariks.se\/2014\/05\/sett.jpg?resize=350%2C200","width":350,"height":200},"classes":[]},{"id":5896,"url":"https:\/\/svariks.se\/?p=5896","url_meta":{"origin":629,"position":2},"title":"Vad \u00e4r sv\u00e5rt i svenska som andraspr\u00e5k: Svenska i ett kontrastivt perspektiv","author":"Svariks","date":"september 26, 2025","format":false,"excerpt":"Den 22 oktober 2025 kl. 17 arrangerar Riksf\u00f6rbundet l\u00e4rare i svenska som andraspr\u00e5k en digital f\u00f6rel\u00e4sning d\u00e4r \u00c5sa Wedin presenterar olika f\u00f6reteelser som kan vara sv\u00e5ra f\u00f6r den som l\u00e4r sig svenska som sitt andraspr\u00e5k. Inneh\u00e5llet g\u00e4ller s\u00e5v\u00e4l barn som vuxna och inl\u00e4rare med f\u00e4rdigheter i olika tidigare spr\u00e5k. F\u00f6reteelser\u2026","rel":"","context":"I \u201dsfi\u201d","block_context":{"text":"sfi","link":"https:\/\/svariks.se\/?tag=sfi"},"img":{"alt_text":"","src":"https:\/\/i0.wp.com\/media.svariks.se\/2025\/09\/15H02525-KLAR-1-scaled.jpg?resize=350%2C200&ssl=1","width":350,"height":200,"srcset":"https:\/\/i0.wp.com\/media.svariks.se\/2025\/09\/15H02525-KLAR-1-scaled.jpg?resize=350%2C200&ssl=1 1x, https:\/\/i0.wp.com\/media.svariks.se\/2025\/09\/15H02525-KLAR-1-scaled.jpg?resize=525%2C300&ssl=1 1.5x, https:\/\/i0.wp.com\/media.svariks.se\/2025\/09\/15H02525-KLAR-1-scaled.jpg?resize=700%2C400&ssl=1 2x, https:\/\/i0.wp.com\/media.svariks.se\/2025\/09\/15H02525-KLAR-1-scaled.jpg?resize=1050%2C600&ssl=1 3x, https:\/\/i0.wp.com\/media.svariks.se\/2025\/09\/15H02525-KLAR-1-scaled.jpg?resize=1400%2C800&ssl=1 4x"},"classes":[]},{"id":4562,"url":"https:\/\/svariks.se\/?p=4562","url_meta":{"origin":629,"position":3},"title":"V\u00e5ra tv\u00e5 svensk\u00e4mnen &#8211; har vi n\u00e5tt v\u00e4gs \u00e4nde?","author":"Svariks","date":"mars 30, 2020","format":false,"excerpt":"Hur fungerar grundskolans uppdelning i svenska och svenska som andraspr\u00e5k? D\u00e5ligt, menar Anna Kaya, som i senaste Lisetten utreder hur dagens \u00e4mneskonstruktioner leder till en rad likv\u00e4rdighetsproblem, och d\u00e4rf\u00f6r efterlyser en statlig utredning av svensk\u00e4mnena. Artikel publicerad i Lisetten nr 1 2020. Text: Anna Kaya Den senaste tiden har jag\u2026","rel":"","context":"Liknande inl\u00e4gg","block_context":{"text":"Liknande inl\u00e4gg","link":""},"img":{"alt_text":"","src":"https:\/\/i0.wp.com\/media.svariks.se\/2020\/03\/Kaya_Anna_305x305.jpg?resize=350%2C200","width":350,"height":200},"classes":[]},{"id":134,"url":"https:\/\/svariks.se\/?p=134","url_meta":{"origin":629,"position":4},"title":"Tack f\u00f6r att du betalat in medlemsavgiften!","author":"Annelie","date":"april 13, 2014","format":false,"excerpt":"Riksf\u00f6rbundet l\u00e4rare i svenska som andraspr\u00e5k firar 25-\u00e5rsjubileum och ser fram emot ett \u00e5r fyllt av engagemang, aktiviteter och inspiration. Vi vill tacka alla v\u00e5ra medlemmar runtom i landet f\u00f6r att ni \u00e4r med och st\u00f6djer v\u00e5rt arbete! V\u00e5ra stadgar fastsl\u00e5r att Riksf\u00f6rbundets uppgifter \u00e4r: att arbeta f\u00f6r \u00e4mnet svenska\u2026","rel":"","context":"I \u201dRiksf\u00f6rbundet\u201d","block_context":{"text":"Riksf\u00f6rbundet","link":"https:\/\/svariks.se\/?cat=8"},"img":{"alt_text":"FiF3","src":"https:\/\/i0.wp.com\/media.svariks.se\/2014\/04\/fif3.jpg?resize=350%2C200","width":350,"height":200},"classes":[]},{"id":690,"url":"https:\/\/svariks.se\/?p=690","url_meta":{"origin":629,"position":5},"title":"Symposiumsucc\u00e9, god ekonomi och ny f\u00f6rkortning","author":"Annelie","date":"oktober 10, 2015","format":false,"excerpt":"Efter tv\u00e5 intensiva, utvecklande och roliga dagar p\u00e5 Symposium 2015 samlades styrelsen f\u00f6r Riksf\u00f6rbundet till m\u00f6te l\u00f6rdagen den 10 oktober. Som vanligt tr\u00e4ffades vi p\u00e5 Stockholms universitet i Nationellt centrum f\u00f6r svenska som andraspr\u00e5ks lokaler. Nio styrelseledam\u00f6ter var n\u00e4rvarande och m\u00f6tesordf\u00f6rande var Camilla Persson, vice ordf\u00f6rande i riksf\u00f6rbundet. Nedan f\u00f6ljer\u2026","rel":"","context":"Liknande inl\u00e4gg","block_context":{"text":"Liknande inl\u00e4gg","link":""},"img":{"alt_text":"symposium1","src":"https:\/\/i0.wp.com\/media.svariks.se\/2015\/10\/symposium1.jpg?resize=350%2C200","width":350,"height":200},"classes":[]}],"jetpack_likes_enabled":true,"_links":{"self":[{"href":"https:\/\/svariks.se\/index.php?rest_route=\/wp\/v2\/posts\/629","targetHints":{"allow":["GET"]}}],"collection":[{"href":"https:\/\/svariks.se\/index.php?rest_route=\/wp\/v2\/posts"}],"about":[{"href":"https:\/\/svariks.se\/index.php?rest_route=\/wp\/v2\/types\/post"}],"author":[{"embeddable":true,"href":"https:\/\/svariks.se\/index.php?rest_route=\/wp\/v2\/users\/4"}],"replies":[{"embeddable":true,"href":"https:\/\/svariks.se\/index.php?rest_route=%2Fwp%2Fv2%2Fcomments&post=629"}],"version-history":[{"count":0,"href":"https:\/\/svariks.se\/index.php?rest_route=\/wp\/v2\/posts\/629\/revisions"}],"wp:attachment":[{"href":"https:\/\/svariks.se\/index.php?rest_route=%2Fwp%2Fv2%2Fmedia&parent=629"}],"wp:term":[{"taxonomy":"category","embeddable":true,"href":"https:\/\/svariks.se\/index.php?rest_route=%2Fwp%2Fv2%2Fcategories&post=629"},{"taxonomy":"post_tag","embeddable":true,"href":"https:\/\/svariks.se\/index.php?rest_route=%2Fwp%2Fv2%2Ftags&post=629"}],"curies":[{"name":"wp","href":"https:\/\/api.w.org\/{rel}","templated":true}]}}