    {"id":337,"date":"2014-05-06T20:18:16","date_gmt":"2014-05-06T18:18:16","guid":{"rendered":"http:\/\/lisa-riks.se\/?p=337"},"modified":"2014-05-06T20:18:16","modified_gmt":"2014-05-06T18:18:16","slug":"sva-larare-forelaser-pa-sett","status":"publish","type":"post","link":"https:\/\/svariks.se\/?p=337","title":{"rendered":"Sva-l\u00e4rare f\u00f6rel\u00e4ser p\u00e5 SETT"},"content":{"rendered":"<p><strong>I morgon \u00f6ppnar SETT-m\u00e4ssan p\u00e5 Kistam\u00e4ssan i Stockholm. Under tv\u00e5 dagar samlas l\u00e4rare och skolledare fr\u00e5n hela landet f\u00f6r att l\u00e4ra av och knyta kontakter med varandra. Fokus \u00e4r p\u00e5 digitala verktyg i undervisningen &#8211; hur man kan anv\u00e4nda surfplattor, datorer och olika hj\u00e4lpmedel i alla \u00e4mnen. Vi har kikat p\u00e5 programmet och hittat tre l\u00e4rare i svenska som andraspr\u00e5k bland f\u00f6rel\u00e4sarna &#8211; tv\u00e5 av dem har medverkat i LiSetten!<br \/>\n<\/strong><\/p>\n<h2><a href=\"https:\/\/i0.wp.com\/media.svariks.se\/2014\/05\/sett.jpg\"><img data-recalc-dims=\"1\" loading=\"lazy\" decoding=\"async\" data-attachment-id=\"341\" data-permalink=\"https:\/\/svariks.se\/?attachment_id=341\" data-orig-file=\"https:\/\/i0.wp.com\/media.svariks.se\/2014\/05\/sett.jpg?fit=311%2C165&amp;ssl=1\" data-orig-size=\"311,165\" data-comments-opened=\"1\" data-image-meta=\"{&quot;aperture&quot;:&quot;0&quot;,&quot;credit&quot;:&quot;&quot;,&quot;camera&quot;:&quot;&quot;,&quot;caption&quot;:&quot;&quot;,&quot;created_timestamp&quot;:&quot;0&quot;,&quot;copyright&quot;:&quot;&quot;,&quot;focal_length&quot;:&quot;0&quot;,&quot;iso&quot;:&quot;0&quot;,&quot;shutter_speed&quot;:&quot;0&quot;,&quot;title&quot;:&quot;&quot;,&quot;orientation&quot;:&quot;0&quot;}\" data-image-title=\"sett\" data-image-description=\"\" data-image-caption=\"\" data-large-file=\"https:\/\/i0.wp.com\/media.svariks.se\/2014\/05\/sett.jpg?fit=311%2C165&amp;ssl=1\" class=\"alignright wp-image-341 size-medium\" src=\"https:\/\/i0.wp.com\/media.svariks.se\/2014\/05\/sett.jpg?resize=300%2C159\" alt=\"sett\" width=\"300\" height=\"159\" srcset=\"https:\/\/i0.wp.com\/media.svariks.se\/2014\/05\/sett.jpg?w=311&amp;ssl=1 311w, https:\/\/i0.wp.com\/media.svariks.se\/2014\/05\/sett.jpg?resize=300%2C159&amp;ssl=1 300w\" sizes=\"auto, (max-width: 300px) 100vw, 300px\" \/><\/a>Hacka L\u00e4roplanen!<\/h2>\n<p>Den 7 maj kl. 10.00-10.45, sal M4<\/p>\n<p><strong>Karin Nyg\u00e5rds<\/strong> \u00e4r l\u00e4rare i svenska och svenska som andraspr\u00e5k f\u00f6r \u00e5r 1-7. Det var den egna uppt\u00e4ckten av kod som \u00f6vertygade henne om att det \u00e4r en kunskap som varje medborgare i ett digitalt samh\u00e4lle beh\u00f6ver. I maj 2013 startade Karin teacherhack.com, tillsammans med Terese Raymond, f\u00f6r att samla in resurser som har med Digitalkunskap att g\u00f6ra. Inneh\u00e5ller LGR11 verkligen det som eleverna beh\u00f6ver kunna i framtiden? Programmering till exempel, ing\u00e5r det? Karin Nyg\u00e5rds har synat l\u00e4roplanen och hittat bel\u00e4gg f\u00f6r att jobba med Digitalkunskap med \u00e5r 5 p\u00e5 Sj\u00f6stadsskolan i Stockholm.<\/p>\n<h2>Mitt spr\u00e5kutvecklande klassrum!<\/h2>\n<p>Den 7 maj kl. 13.15-14.00, sal M5<\/p>\n<p><strong>Hanna Stehagen<\/strong> \u00e4r l\u00e4rare i svenska och svenska som andraspr\u00e5k och f\u00f6rfattare till boken Spr\u00e5k i alla \u00e4mnen. Hannas f\u00f6rel\u00e4sning utg\u00e5r ifr\u00e5n l\u00e4roplanerna som betonar vikten av att eleverna f\u00e5r utveckla spr\u00e5klig och digital kompetens. Spr\u00e5ket s\u00e4gs ha stor betydelse f\u00f6r v\u00e5rt l\u00e4rande. Men vilka spr\u00e5kliga kompetenser beh\u00f6ver mina elever f\u00f6r att utveckla sina f\u00f6rm\u00e5gor? Vad beh\u00f6ver jag som l\u00e4rare f\u00f6r kompetenser? Vad \u00e4r spr\u00e5kutvecklande arbetss\u00e4tt egentligen? Och det d\u00e4r med digitala verktyg! Kan de verkligen underl\u00e4tta en spr\u00e5kutvecklande undervisning?<\/p>\n<p><em>Medverkade i <a href=\"http:\/\/lisa-riks.se\/lisetten\/losnummerforsaljning\/\">LiSetten<\/a> nummer 4\/2013!<\/em><\/p>\n<p>&nbsp;<\/p>\n<h2>Fr\u00f6ken, \u00e4r jag k\u00e4ndis nu?<\/h2>\n<p>Den 8 maj kl. 10.30-11.15, sal M3<\/p>\n<p><strong>Hulya Basaran<\/strong> arbetar som l\u00e4rare i svenska som andraspr\u00e5k i f\u00f6rberedelseklassen p\u00e5 Kronan i Trollh\u00e4ttan med uppdrag att skapa spr\u00e5kutvecklande arbetss\u00e4tt \u2013 analogt och digitalt \u2013 f\u00f6r elever som \u00e4r nya i svenska spr\u00e5ket! \u201cFr\u00f6ken, \u00e4r jag k\u00e4ndis nu?\u201d \u00e4r ber\u00e4ttelsen om eleverna i en liten men spr\u00e5krik klass, f\u00f6rberedelseklassen p\u00e5 Kronan i Trollh\u00e4ttan, skol\u00e5r 1-6. Ta del av Hu\u0308lyas ber\u00e4ttelse med elevexempel om hur allt startade och hur elever som \u00e4r nya i skolan, nya i Sverige, idag anv\u00e4nder digitala verktyg och webbresurser i sin spr\u00e5k- och kunskapsutveckling f\u00f6r l\u00e4rande i och utanf\u00f6r klassrummet.<\/p>\n<p><em>Medverkade i <a href=\"http:\/\/lisa-riks.se\/lisetten\/losnummerforsaljning\/\">LiSetten<\/a> nummer 4\/2013 och 1\/2014!<\/em><\/p>\n<h2>Mer om SETT<\/h2>\n<p>Flera seminarier handlar om spr\u00e5kutveckling p\u00e5 ett eller annat s\u00e4tt. L\u00e4s mer om SETT och ladda ner hela seminarieprogrammet <a href=\"http:\/\/www.settdagarna.se\/\">h\u00e4r<\/a>!<\/p>\n<p>Den 7 maj ordnas Pedagogisk pub Special i anslutning till m\u00e4ssan. L\u00e4s mer <a href=\"https:\/\/www.facebook.com\/events\/485631328229273\/?ref=22\">h\u00e4r<\/a>!<\/p>\n<p>Om du inte har m\u00f6jlighet att bes\u00f6ka m\u00e4ssan g\u00e5r det att f\u00f6lja fl\u00f6det p\u00e5 Twitter via taggen <a href=\"https:\/\/twitter.com\/hashtag\/sett2014\">#sett2014<\/a><\/p>\n","protected":false},"excerpt":{"rendered":"<p>I morgon \u00f6ppnar SETT-m\u00e4ssan p\u00e5 Kistam\u00e4ssan i Stockholm. Under tv\u00e5 dagar samlas l\u00e4rare och skolledare fr\u00e5n hela landet f\u00f6r att l\u00e4ra av och knyta kontakter med varandra. Fokus \u00e4r p\u00e5 digitala verktyg i undervisningen &#8211; hur man kan anv\u00e4nda surfplattor, datorer och olika hj\u00e4lpmedel i alla \u00e4mnen. Vi har kikat p\u00e5 programmet och hittat tre [&hellip;]<\/p>\n","protected":false},"author":2,"featured_media":0,"comment_status":"open","ping_status":"open","sticky":false,"template":"","format":"standard","meta":{"jetpack_post_was_ever_published":false,"_jetpack_newsletter_access":"","_jetpack_dont_email_post_to_subs":false,"_jetpack_newsletter_tier_id":0,"_jetpack_memberships_contains_paywalled_content":false,"_jetpack_memberships_contains_paid_content":false,"footnotes":"","jetpack_publicize_message":"","jetpack_publicize_feature_enabled":true,"jetpack_social_post_already_shared":false,"jetpack_social_options":{"image_generator_settings":{"template":"highway","default_image_id":0,"font":"","enabled":false},"version":2}},"categories":[2,6,10,11],"tags":[],"class_list":["post-337","post","type-post","status-publish","format-standard","hentry","category-aktuellt","category-lisetten","category-stockholm","category-sva-larare"],"jetpack_publicize_connections":[],"jetpack_featured_media_url":"","jetpack_sharing_enabled":true,"jetpack_shortlink":"https:\/\/wp.me\/pap6AT-5r","jetpack-related-posts":[{"id":4562,"url":"https:\/\/svariks.se\/?p=4562","url_meta":{"origin":337,"position":0},"title":"V\u00e5ra tv\u00e5 svensk\u00e4mnen &#8211; har vi n\u00e5tt v\u00e4gs \u00e4nde?","author":"Svariks","date":"mars 30, 2020","format":false,"excerpt":"Hur fungerar grundskolans uppdelning i svenska och svenska som andraspr\u00e5k? D\u00e5ligt, menar Anna Kaya, som i senaste Lisetten utreder hur dagens \u00e4mneskonstruktioner leder till en rad likv\u00e4rdighetsproblem, och d\u00e4rf\u00f6r efterlyser en statlig utredning av svensk\u00e4mnena. Artikel publicerad i Lisetten nr 1 2020. Text: Anna Kaya Den senaste tiden har jag\u2026","rel":"","context":"Liknande inl\u00e4gg","block_context":{"text":"Liknande inl\u00e4gg","link":""},"img":{"alt_text":"","src":"https:\/\/i0.wp.com\/media.svariks.se\/2020\/03\/Kaya_Anna_305x305.jpg?resize=350%2C200","width":350,"height":200},"classes":[]},{"id":690,"url":"https:\/\/svariks.se\/?p=690","url_meta":{"origin":337,"position":1},"title":"Symposiumsucc\u00e9, god ekonomi och ny f\u00f6rkortning","author":"Annelie","date":"oktober 10, 2015","format":false,"excerpt":"Efter tv\u00e5 intensiva, utvecklande och roliga dagar p\u00e5 Symposium 2015 samlades styrelsen f\u00f6r Riksf\u00f6rbundet till m\u00f6te l\u00f6rdagen den 10 oktober. Som vanligt tr\u00e4ffades vi p\u00e5 Stockholms universitet i Nationellt centrum f\u00f6r svenska som andraspr\u00e5ks lokaler. Nio styrelseledam\u00f6ter var n\u00e4rvarande och m\u00f6tesordf\u00f6rande var Camilla Persson, vice ordf\u00f6rande i riksf\u00f6rbundet. Nedan f\u00f6ljer\u2026","rel":"","context":"Liknande inl\u00e4gg","block_context":{"text":"Liknande inl\u00e4gg","link":""},"img":{"alt_text":"symposium1","src":"https:\/\/i0.wp.com\/media.svariks.se\/2015\/10\/symposium1.jpg?resize=350%2C200","width":350,"height":200},"classes":[]},{"id":629,"url":"https:\/\/svariks.se\/?p=629","url_meta":{"origin":337,"position":2},"title":"\u00c5rets st\u00f6rtsta #svapub den 7 oktober","author":"Sara M\u00f6rtsell","date":"juni 11, 2015","format":false,"excerpt":"Denna h\u00f6st \u00e4r det \u00e4ntligen dags igen f\u00f6r den nationella konferenen Symposium f\u00f6r l\u00e4rare i svenska som andraspr\u00e5k, som Nationellt Centrum f\u00f6r svenska som andraspr\u00e5k arrangerar vart tredje \u00e5r. Konferensen \u00e4r redan fullbokad. Vi har d\u00e4rf\u00f6r gl\u00e4djen att bjuda in\u00a0alla som kommer att delta och \u00e4ven\u00a0alla som har m\u00f6jlighet att\u2026","rel":"","context":"I \u201dSva-l\u00e4rare\u201d","block_context":{"text":"Sva-l\u00e4rare","link":"https:\/\/svariks.se\/?cat=11"},"img":{"alt_text":"svapub","src":"https:\/\/i0.wp.com\/media.svariks.se\/2015\/06\/svapub-jpg-e1433962306315.png?resize=350%2C200","width":350,"height":200,"srcset":"https:\/\/i0.wp.com\/media.svariks.se\/2015\/06\/svapub-jpg-e1433962306315.png?resize=350%2C200 1x, https:\/\/i0.wp.com\/media.svariks.se\/2015\/06\/svapub-jpg-e1433962306315.png?resize=525%2C300 1.5x, https:\/\/i0.wp.com\/media.svariks.se\/2015\/06\/svapub-jpg-e1433962306315.png?resize=700%2C400 2x, https:\/\/i0.wp.com\/media.svariks.se\/2015\/06\/svapub-jpg-e1433962306315.png?resize=1050%2C600 3x, https:\/\/i0.wp.com\/media.svariks.se\/2015\/06\/svapub-jpg-e1433962306315.png?resize=1400%2C800 4x"},"classes":[]},{"id":743,"url":"https:\/\/svariks.se\/?p=743","url_meta":{"origin":337,"position":3},"title":"Att vara l\u00e4rare i svenska som andraspr\u00e5k","author":"Annelie","date":"december 12, 2015","format":false,"excerpt":"I Lisetten nummer 4\/2015 kan du l\u00e4sa en rad artiklar om l\u00e4rarrollen i svenska som andraspr\u00e5k, bland annat f\u00f6ljande: \u00c5sa Wedin skriver om sin l\u00e5nga och krokiga v\u00e4g fr\u00e5n l\u00e4rare till professor Att vara ensam l\u00e4rare i svenska som andraspr\u00e5k \u2013 fyra intervjuer Ingela Gr\u00f6nstedt Arvidsson om att undervisa i\u2026","rel":"","context":"Liknande inl\u00e4gg","block_context":{"text":"Liknande inl\u00e4gg","link":""},"img":{"alt_text":"Lisetten 4_15","src":"https:\/\/i0.wp.com\/media.svariks.se\/2015\/12\/lisetten-4_15.jpg?resize=350%2C200","width":350,"height":200},"classes":[]},{"id":3189,"url":"https:\/\/svariks.se\/?p=3189","url_meta":{"origin":337,"position":4},"title":"Kr\u00f6nika: \u201cKurserna i svenska som andraspr\u00e5k f\u00f6rberedde mig inte f\u00f6r undervisning, \u00e4n mindre f\u00f6r bed\u00f6mning!\u201d","author":"Svariks","date":"december 14, 2019","format":false,"excerpt":"Artikel publicerad i Lisetten nr 4 2019. Text: Karin H\u00e4ggstr\u00f6m L\u00e4rarens uppdrag \u00e4r m\u00e5ngfacetterat och det \u00e4r nog det som jag trivs med i ett yrke jag haft sedan 20 \u00e5r inom v\u00e5rd- och omsorgsutbildning och svenska som andraspr\u00e5k. De flesta uppgifterna k\u00e4nns meningsfulla och stimulerande. Framf\u00f6rallt \u00e4r det naturligtvis\u2026","rel":"","context":"Liknande inl\u00e4gg","block_context":{"text":"Liknande inl\u00e4gg","link":""},"img":{"alt_text":"","src":"https:\/\/i0.wp.com\/media.svariks.se\/2019\/12\/Karin-H%C3%A4ggstr%C3%B6m305x305.jpg?resize=350%2C200","width":350,"height":200},"classes":[]},{"id":129,"url":"https:\/\/svariks.se\/?p=129","url_meta":{"origin":337,"position":5},"title":"Verksamhetsber\u00e4ttelse 2013","author":"Annelie","date":"april 6, 2014","format":false,"excerpt":"Styrelsen f\u00f6r Riksf\u00f6rbundet l\u00e4rare i svenska som andraspr\u00e5k avger h\u00e4rmed sin verksamhetsber\u00e4ttelse f\u00f6r verksamhets\u00e5ret 2013-01-01 \u2013 2013-12-31 Verksamheten i siffror Antal medlemmar: 335 Int\u00e4kter: 272 023 kr Antal prenumeranter: 98 Kostnader: \u00a0216 072 kr Antal lokalf\u00f6reningar: 3 Resultat:\u00a055 951 kr \u00a0 Medlemskap Riksf\u00f6rbundet l\u00e4rare i svenska som andraspr\u00e5k (LiSA) v\u00e4lkomnar\u2026","rel":"","context":"Liknande inl\u00e4gg","block_context":{"text":"Liknande inl\u00e4gg","link":""},"img":{"alt_text":"","src":"","width":0,"height":0},"classes":[]}],"jetpack_likes_enabled":true,"_links":{"self":[{"href":"https:\/\/svariks.se\/index.php?rest_route=\/wp\/v2\/posts\/337","targetHints":{"allow":["GET"]}}],"collection":[{"href":"https:\/\/svariks.se\/index.php?rest_route=\/wp\/v2\/posts"}],"about":[{"href":"https:\/\/svariks.se\/index.php?rest_route=\/wp\/v2\/types\/post"}],"author":[{"embeddable":true,"href":"https:\/\/svariks.se\/index.php?rest_route=\/wp\/v2\/users\/2"}],"replies":[{"embeddable":true,"href":"https:\/\/svariks.se\/index.php?rest_route=%2Fwp%2Fv2%2Fcomments&post=337"}],"version-history":[{"count":0,"href":"https:\/\/svariks.se\/index.php?rest_route=\/wp\/v2\/posts\/337\/revisions"}],"wp:attachment":[{"href":"https:\/\/svariks.se\/index.php?rest_route=%2Fwp%2Fv2%2Fmedia&parent=337"}],"wp:term":[{"taxonomy":"category","embeddable":true,"href":"https:\/\/svariks.se\/index.php?rest_route=%2Fwp%2Fv2%2Fcategories&post=337"},{"taxonomy":"post_tag","embeddable":true,"href":"https:\/\/svariks.se\/index.php?rest_route=%2Fwp%2Fv2%2Ftags&post=337"}],"curies":[{"name":"wp","href":"https:\/\/api.w.org\/{rel}","templated":true}]}}